{"id":11089,"date":"2022-05-13T10:46:54","date_gmt":"2022-05-13T08:46:54","guid":{"rendered":"https:\/\/www.knjiznica.it\/2022\/05\/13\/anja-krizmancic\/"},"modified":"2022-05-13T11:56:49","modified_gmt":"2022-05-13T09:56:49","slug":"anja-krizmancic","status":"publish","type":"post","link":"https:\/\/knjiznica.it\/it\/2022\/05\/13\/anja-krizmancic\/","title":{"rendered":"ANJA KRI\u017dMAN\u010cI\u010c"},"content":{"rendered":"<p><img fetchpriority=\"high\" decoding=\"async\" class=\"size-medium wp-image-10989 alignleft\" src=\"https:\/\/knjiznica.it\/wp-content\/uploads\/2022\/05\/psicek-1-225x300.jpg\" alt=\"\" width=\"225\" height=\"300\" \/>Anja Kri\u017eman\u010di\u010d \u00e8 una giovane artista originaria di Basovizza. Da un paio d&#8217;anni \u00e8 dedita alla pittura acrilica trovando la sua mentore in Katerina Kalc, pittrice diplomata presso l&#8217;Accademia di Belle Arti di Lubiana.<\/p>\n<p>La mostra sar\u00e0 esposta fino al 30 giugno 2022. Lepo vabljeni!<\/p>\n<p><img decoding=\"async\" class=\"alignnone wp-image-4818\" src=\"https:\/\/knjiznica.it\/wp-content\/uploads\/2021\/01\/NSK_logo_slo_ita_SPLETlogo.png\" alt=\"\" width=\"178\" height=\"75\" \/> \u00a0 \u00a0 \u00a0 <img decoding=\"async\" class=\"alignnone wp-image-10749\" src=\"https:\/\/knjiznica.it\/wp-content\/uploads\/2022\/04\/logo_mladibralci-300x109-1.png\" alt=\"\" width=\"206\" height=\"75\" \/><\/p>\n","protected":false},"excerpt":{"rendered":"<p>Anja Kri\u017eman\u010di\u010d \u00e8 una giovane artista originaria di Basovizza. Da un paio d&#8217;anni \u00e8 dedita alla pittura acrilica trovando la sua mentore in Katerina Kalc, pittrice diplomata presso l&#8217;Accademia di [&hellip;]<\/p>\n","protected":false},"author":2,"featured_media":0,"comment_status":"open","ping_status":"open","sticky":false,"template":"","format":"standard","meta":{"_acf_changed":false,"cybocfi_hide_featured_image":"","footnotes":""},"categories":[134],"tags":[],"class_list":["post-11089","post","type-post","status-publish","format-standard","hentry","category-mostra"],"acf":[],"_links":{"self":[{"href":"https:\/\/knjiznica.it\/it\/wp-json\/wp\/v2\/posts\/11089","targetHints":{"allow":["GET"]}}],"collection":[{"href":"https:\/\/knjiznica.it\/it\/wp-json\/wp\/v2\/posts"}],"about":[{"href":"https:\/\/knjiznica.it\/it\/wp-json\/wp\/v2\/types\/post"}],"author":[{"embeddable":true,"href":"https:\/\/knjiznica.it\/it\/wp-json\/wp\/v2\/users\/2"}],"replies":[{"embeddable":true,"href":"https:\/\/knjiznica.it\/it\/wp-json\/wp\/v2\/comments?post=11089"}],"version-history":[{"count":3,"href":"https:\/\/knjiznica.it\/it\/wp-json\/wp\/v2\/posts\/11089\/revisions"}],"predecessor-version":[{"id":11118,"href":"https:\/\/knjiznica.it\/it\/wp-json\/wp\/v2\/posts\/11089\/revisions\/11118"}],"wp:attachment":[{"href":"https:\/\/knjiznica.it\/it\/wp-json\/wp\/v2\/media?parent=11089"}],"wp:term":[{"taxonomy":"category","embeddable":true,"href":"https:\/\/knjiznica.it\/it\/wp-json\/wp\/v2\/categories?post=11089"},{"taxonomy":"post_tag","embeddable":true,"href":"https:\/\/knjiznica.it\/it\/wp-json\/wp\/v2\/tags?post=11089"}],"curies":[{"name":"wp","href":"https:\/\/api.w.org\/{rel}","templated":true}]}}