{"id":20380,"date":"2024-05-16T16:04:51","date_gmt":"2024-05-16T14:04:51","guid":{"rendered":"https:\/\/www.knjiznica.it\/?p=20380"},"modified":"2024-06-03T14:43:22","modified_gmt":"2024-06-03T12:43:22","slug":"concorso-fototeka-it","status":"publish","type":"post","link":"https:\/\/knjiznica.it\/it\/2024\/05\/16\/concorso-fototeka-it\/","title":{"rendered":"CONCORSO FOTOTEKA.IT"},"content":{"rendered":"<p><strong><span style=\"color: #993366;\"><img fetchpriority=\"high\" decoding=\"async\" class=\"size-medium wp-image-20373 alignright\" src=\"https:\/\/knjiznica.it\/wp-content\/uploads\/2024\/05\/eabec7614a808f7993a81243b97f93bc-298x300.jpg\" alt=\"\" width=\"298\" height=\"300\" \/>SCOPRIRE LA RICCHEZZA FOTOGRAFICA DI MARIO MAGAJNA<\/span><\/strong><\/p>\n<p><span style=\"color: #993366;\"><strong>La Sezione di Storia ed Etnografia della Narodna in \u0161tudijska knji\u017enica (Biblioteca Nazionale Slovena e degli Studi) e l&#8217;Associazione Bubni\u010d-Magajna bandiscono un concorso per promuovere il materiale fotografico di Mario Magajna, ora disponibile <a href=\"https:\/\/fototeka.it\/\">sul nuovo sito Fototeka.it<\/a>. Il Concorso \u00e8 aperto ai giovani fino ai 30 anni.<\/strong><\/span><\/p>\n<p>Negli ultimi anni la Biblioteca Nazionale e degli Studi, che custodisce il materiale fotografico di Mario Magajna nel fondo Primorski dnevnik, ha realizzato grazie ad un bando regionale il portale digitale Fototeka.it, che permette di ricercare il fondo fotografico di Mario Magajna. Gli appassionati di fotografia sotto i 30 anni sono invitati a sfogliare le fotografie di Magajna sul nuovo portale e a creare la propria galleria fotografica su un tema a scelta, la galleria premiata dalla giuria come migliore verr\u00e0 pubblicata su Fototeka.it.<\/p>\n<p>REGOLAMENTO DEL CONCORSO<br \/>\nArticolo 1: Oggetto e obiettivi del bando<br \/>\nLa Sezione di Storia ed Etnografia N\u0160K e l&#8217;Associazione Bubni\u010d-Magajna organizzano un concorso per promuovere il materiale fotografico di Mario Magajna, conservato dalla Sezione nel Fondo Primorski dnevnik. I partecipanti al concorso sono liberi di scegliere il tema e di creare una galleria fotografica su quel tema.<\/p>\n<p>Articolo 2: Scadenze<br \/>\nIl bando \u00e8 aperto dal 15 maggio. I partecipanti avranno tempo fino al 15 settembre per presentare i loro lavori. I risultati saranno annunciati entro il 31 ottobre.<\/p>\n<p>Articolo 3: Processo<br \/>\nChiunque desideri partecipare, individualmente o in gruppo (massimo 5 persone fino a 30 anni), deve inviare una domanda di partecipazione all&#8217;indirizzo della Sezione odsek@knjiznica.it. L&#8217;oggetto del messaggio dovr\u00e0 essere &#8220;domanda di partecipazione al concorso Fototeka.it&#8221; e il testo dovr\u00e0 contenere i dati personali: se si tratta di partecipazione individuale o di gruppo, il nome e la data di nascita di ogni membro, un indirizzo e-mail di contatto e un numero di telefono.<br \/>\nAl momento della registrazione, il personale della Sezione fornir\u00e0 le istruzioni complete sull&#8217;utilizzo del portale e sar\u00e0 a disposizione per l&#8217;assistenza tecnica. Ogni partecipante potr\u00e0 richiedere l&#8217;accesso a un massimo di 15 cartelle contenenti fotografie a bassa risoluzione. Il partecipante selezioner\u00e0 le fotografie che andranno a costituire l&#8217;elenco finale della galleria fotografica (prodotto finale), seguendo le istruzioni fornite.<\/p>\n<p>Articolo 4: caratteristiche del prodotto finale<br \/>\nLa galleria fotografica deve contenere i seguenti elementi:<br \/>\n1) titolo<br \/>\n2) una breve descrizione del contenuto<br \/>\n3) da 10 a 20 fotografie, ciascuna accompagnata da una breve didascalia.<br \/>\nI partecipanti sono invitati a comporre le loro gallerie in formato bilingue sloveno-italiano, ma si accettano anche lavori solo in sloveno o italiano.<\/p>\n<p>Articolo 5: giuria<br \/>\nLa giuria \u00e8 composta da due rappresentanti della Sezione di Storia ed Etnografia e da due rappresentanti dell&#8217;Associazione Bubni\u010d-Magajna.<\/p>\n<p>Articolo 6: Premio e pubblicazione<br \/>\nLa galleria fotografica ritenuta migliore dalla giuria verr\u00e0 premiata e pubblicata sul sito Fototeka.it. Il premio in denaro sar\u00e0 offerto dall&#8217;Associazione Bubni\u010d-Magajna. La giuria si riserva il diritto di pubblicare altre gallerie fotografiche ritenute di qualit\u00e0, senza che ci\u00f2 comporti l\u2019erogazione di ulteriori premi in denaro.<\/p>\n","protected":false},"excerpt":{"rendered":"<p>SCOPRIRE LA RICCHEZZA FOTOGRAFICA DI MARIO MAGAJNA La Sezione di Storia ed Etnografia della Narodna in \u0161tudijska knji\u017enica (Biblioteca Nazionale Slovena e degli Studi) e l&#8217;Associazione Bubni\u010d-Magajna bandiscono un concorso [&hellip;]<\/p>\n","protected":false},"author":11,"featured_media":0,"comment_status":"closed","ping_status":"closed","sticky":false,"template":"","format":"standard","meta":{"_acf_changed":false,"cybocfi_hide_featured_image":"yes","footnotes":""},"categories":[47],"tags":[],"class_list":["post-20380","post","type-post","status-publish","format-standard","hentry","category-uncategorized-it"],"acf":[],"_links":{"self":[{"href":"https:\/\/knjiznica.it\/it\/wp-json\/wp\/v2\/posts\/20380","targetHints":{"allow":["GET"]}}],"collection":[{"href":"https:\/\/knjiznica.it\/it\/wp-json\/wp\/v2\/posts"}],"about":[{"href":"https:\/\/knjiznica.it\/it\/wp-json\/wp\/v2\/types\/post"}],"author":[{"embeddable":true,"href":"https:\/\/knjiznica.it\/it\/wp-json\/wp\/v2\/users\/11"}],"replies":[{"embeddable":true,"href":"https:\/\/knjiznica.it\/it\/wp-json\/wp\/v2\/comments?post=20380"}],"version-history":[{"count":4,"href":"https:\/\/knjiznica.it\/it\/wp-json\/wp\/v2\/posts\/20380\/revisions"}],"predecessor-version":[{"id":20616,"href":"https:\/\/knjiznica.it\/it\/wp-json\/wp\/v2\/posts\/20380\/revisions\/20616"}],"wp:attachment":[{"href":"https:\/\/knjiznica.it\/it\/wp-json\/wp\/v2\/media?parent=20380"}],"wp:term":[{"taxonomy":"category","embeddable":true,"href":"https:\/\/knjiznica.it\/it\/wp-json\/wp\/v2\/categories?post=20380"},{"taxonomy":"post_tag","embeddable":true,"href":"https:\/\/knjiznica.it\/it\/wp-json\/wp\/v2\/tags?post=20380"}],"curies":[{"name":"wp","href":"https:\/\/api.w.org\/{rel}","templated":true}]}}