{"id":28186,"date":"2026-08-31T13:16:54","date_gmt":"2026-08-31T11:16:54","guid":{"rendered":"https:\/\/knjiznica.it\/2026\/08\/31\/bazovica-2026\/"},"modified":"2026-08-31T13:19:06","modified_gmt":"2026-08-31T11:19:06","slug":"bazovica-2026","status":"publish","type":"post","link":"https:\/\/knjiznica.it\/it\/2026\/08\/31\/bazovica-2026\/","title":{"rendered":"BAZOVICA 2026"},"content":{"rendered":"<p><img fetchpriority=\"high\" decoding=\"async\" class=\"size-medium wp-image-28171 alignright\" src=\"https:\/\/knjiznica.it\/wp-content\/uploads\/2026\/08\/Valencic-s-konjem042-219x300.jpg\" alt=\"\" width=\"219\" height=\"300\" srcset=\"https:\/\/knjiznica.it\/wp-content\/uploads\/2026\/08\/Valencic-s-konjem042-219x300.jpg 219w, https:\/\/knjiznica.it\/wp-content\/uploads\/2026\/08\/Valencic-s-konjem042.jpg 583w\" sizes=\"(max-width: 219px) 100vw, 219px\" \/>In vista del centenario del primo processo di Trieste, il Comitato per le Onoranze degli Eroi di Basovizza ha deciso che fino al 2030 ogni cerimonia centrale sar\u00e0 dedicata alla figura di uno dei quattro eroi. B<strong>azovica 2026 sar\u00e0 quindi dedicata al ricordo di Alojz Valen\u010di\u010d.<\/strong> Il pi\u00f9 anziano dei quattro eroi di Bazovica nacque a Trieste il 9 settembre 1896. Allo scoppio della prima guerra mondiale fu arruolato nell&#8217;esercito asburgico. Al ritorno a Trieste trov\u00f2 lavoro nella fabbrica dello zio Alojz Urban\u010di\u010d, nella zona di Ilirska Bistrica. Valen\u010di\u010d, che ben presto entr\u00f2 a far parte dell&#8217;attivit\u00e0 clandestina slovena, fu l&#8217;anello di collegamento tra le diverse zone del Litorale, e per questo ebbe un ruolo importante negli attentati compiuti a Trieste dall&#8217;organizzazione segreta Borba all&#8217;inizio del 1930. Le bombe che esplosero presso il Faro della Vittoria e presso la redazione del giornale fascista Il Popolo di Trieste furono realizzate nella fabbrica di Urban\u010di\u010d. Fu lo stesso Valen\u010di\u010d a portarle a Trieste con la propria auto, scortato dai carabinieri, poich\u00e9 si presumeva trasportasse una grande quantit\u00e0 di denaro: ci\u00f2 gli permise di evitare qualsiasi controllo lungo il tragitto. Le autorit\u00e0 fasciste lo arrestarono, primo tra gli eroi, nell&#8217;aprile del 1930 e lo condannarono a morte.<\/p>\n<p><strong>Marted\u00ec 1 settembre ore 11.00<\/strong><br \/>\n<em>Sezione Ragazzi della N\u0160K, Narodni dom, via Filzi 14, Trieste<\/em><br \/>\nCONFERENZA STAMPA \u2013 PRESENTAZIONE DEL PROGRAMMA<\/p>\n<p><strong>Mercoled\u00ec 2 settembre ore 17.30<\/strong><br \/>\n<em>Biblioteca Nazionale Slovena e degli Studi, via S. Francesco 20, Trieste<\/em><br \/>\nPRESENTAZIONE DEL LIBRO DI BRANKO MARU\u0160I\u010c ZAPISI O TIGR-U<br \/>\ncon \u0160tefan \u010cok, Gorazd Humar e Milan Pahor<br \/>\norganizzato dall&#8217;OZE N\u0160K e dal Comitato per le onoranze degli eroi di Bazovica<\/p>\n<p><strong>Venerd\u00ec 4 settembre<\/strong><br \/>\n<strong>ore 13.00<\/strong><br \/>\n<em>Targa davanti all&#8217;edificio del Rettorato dell&#8217;Universit\u00e0 di Lubiana, Kongresni trg 12, Lubiana<\/em><br \/>\nCERIMONIA A LUBIANA<br \/>\nInterviene Nadia Roncelli<br \/>\nCanta il Coro femminile Prosek-Kontovel<br \/>\n<strong>ore 16.00<\/strong><br \/>\n<em>Monumento agli eroi di Bazovica nel parco Pre\u0161ernov gaj<\/em><br \/>\nCERIMONIA A KRANJ<br \/>\nInterviene Marjan Drufovka<br \/>\nCanta il Coro femminile Prosek-Kontovel<br \/>\n<strong>alle ore 17.00<\/strong><br \/>\n<em>nella Piccola Loggia in Piazza Tito a Capodistria<\/em><br \/>\nRECITAL DEDICATO AGLI EROI DI BAZOVICA<br \/>\norganizzato dalla sezione locale dell\u2019Associazione TIGR per l\u2019Istria slovena<\/p>\n<p><strong>Sabato 5 settembre ore 20.30<\/strong><br \/>\n<em>presso il monumento agli eroi di Bazovica<\/em><br \/>\nFUOCO DI BIVACCO DEGLI SCOUT RMV<\/p>\n<p><strong>Domenica 6 settembre<\/strong><br \/>\n<strong>ore 6.43<\/strong><br \/>\n<em>presso il monumento agli eroi di Bazovica<\/em><br \/>\nRECITAL DEI GIOVANI ALL&#8217;ALBA<br \/>\nRecitano: Filip Kalc, Deva Mahni\u010d, Manuela Polanc e Igor Rojc<br \/>\nViolino: Bla\u017e Terpin<br \/>\n<strong>alle 9.15<\/strong><br \/>\n<em>ritrovo presso il laghetto a Basovizza, alle 9.30 inizio dell&#8217;escursione<\/em><br \/>\nESCURSIONE ALPINA<br \/>\norganizzata da SPDT, Sezione Alpina SK Devin, A\u0160D Sloga<br \/>\n<strong>ore 10.00<\/strong><br \/>\n<em>presso il monumento nel cimitero di Sant&#8217;Anna<\/em><br \/>\nCERIMONIA<br \/>\nInterviene Ema Terpin<br \/>\nCanta il coro Valentin Vodnik<br \/>\n<strong>ore 15.00<\/strong><br \/>\n<strong><em>presso il monumento agli eroi di Bazovica, a Basovizza<\/em><\/strong><br \/>\n<strong>CERIMONIA CENTRALE<\/strong><br \/>\nConduce Francesco Borchi<br \/>\nSuona la banda di Doberdob, cantano i cori Valentin Vodnik, Kra\u0161ki dom, Vesna<br \/>\nInterventi di: Alenka Rebula (in sloveno) e Massimo Cirri (in italiano)<br \/>\nDiretta di Radio Trst A<br \/>\n<strong>ore 20.00<\/strong><br \/>\nSANTA MESSA NELLA CHIESA DI BASOVIZZA<br \/>\nInterviene Marko \u0160avron<br \/>\nCanta il coro Lipa<\/p>\n<p><strong>Luned\u00ec 7 settembre ore 20.00<\/strong><br \/>\n<em>Cooperativa economica di Basovizza<\/em><br \/>\nPROIEZIONE DEL FILM &#8220;STRELI V BAZOVICI&#8221; (SPARI A BASOVIZZA)<br \/>\norganizza SKD Lipa<\/p>\n<p><strong>Mercoled\u00ec 9 settembre<\/strong><br \/>\nAttivit\u00e0 rivolta agli studenti del 5\u00b0 anno del Liceo A. M. Slom\u0161ek: visita al monumento di Bazovica e al poligono di tiro di Opicina. Con questa iniziativa prendono il via le attivit\u00e0 rivolte alle scuole in preparazione a Bazovica 2030. L\u2019obiettivo \u00e8 che ogni anno almeno una scuola secondaria di secondo grado slovena in Italia partecipi al programma.<\/p>\n<p><strong>Sabato 12, Domenica 13, Sabato 19, Domenica 20 settembre<\/strong><br \/>\n52\u00b0 TORNEO INTERNAZIONALE DI PALLAVOLO \u00bbMARTIRI DI BASOVIZZA\u00ab ORGANIZZATO DA USD SLOGA \/ ZS\u0160DI<\/p>\n","protected":false},"excerpt":{"rendered":"<p>In vista del centenario del primo processo di Trieste, il Comitato per le Onoranze degli Eroi di Basovizza ha deciso che fino al 2030 ogni cerimonia centrale sar\u00e0 dedicata alla [&hellip;]<\/p>\n","protected":false},"author":11,"featured_media":0,"comment_status":"closed","ping_status":"closed","sticky":false,"template":"","format":"standard","meta":{"_acf_changed":false,"cybocfi_hide_featured_image":"yes","footnotes":""},"categories":[236],"tags":[],"class_list":["post-28186","post","type-post","status-publish","format-standard","hentry","category-bazovica-it"],"acf":[],"_links":{"self":[{"href":"https:\/\/knjiznica.it\/it\/wp-json\/wp\/v2\/posts\/28186","targetHints":{"allow":["GET"]}}],"collection":[{"href":"https:\/\/knjiznica.it\/it\/wp-json\/wp\/v2\/posts"}],"about":[{"href":"https:\/\/knjiznica.it\/it\/wp-json\/wp\/v2\/types\/post"}],"author":[{"embeddable":true,"href":"https:\/\/knjiznica.it\/it\/wp-json\/wp\/v2\/users\/11"}],"replies":[{"embeddable":true,"href":"https:\/\/knjiznica.it\/it\/wp-json\/wp\/v2\/comments?post=28186"}],"version-history":[{"count":2,"href":"https:\/\/knjiznica.it\/it\/wp-json\/wp\/v2\/posts\/28186\/revisions"}],"predecessor-version":[{"id":28188,"href":"https:\/\/knjiznica.it\/it\/wp-json\/wp\/v2\/posts\/28186\/revisions\/28188"}],"wp:attachment":[{"href":"https:\/\/knjiznica.it\/it\/wp-json\/wp\/v2\/media?parent=28186"}],"wp:term":[{"taxonomy":"category","embeddable":true,"href":"https:\/\/knjiznica.it\/it\/wp-json\/wp\/v2\/categories?post=28186"},{"taxonomy":"post_tag","embeddable":true,"href":"https:\/\/knjiznica.it\/it\/wp-json\/wp\/v2\/tags?post=28186"}],"curies":[{"name":"wp","href":"https:\/\/api.w.org\/{rel}","templated":true}]}}